{"id":1882,"date":"2025-11-18T12:01:15","date_gmt":"2025-11-18T11:01:15","guid":{"rendered":"https:\/\/www.reimmann.ch\/umstellung-telefonanlage\/"},"modified":"2026-03-09T14:09:29","modified_gmt":"2026-03-09T13:09:29","slug":"calendrier-des-salons-evenements","status":"publish","type":"post","link":"https:\/\/www.reimmann.ch\/fr\/calendrier-des-salons-evenements\/","title":{"rendered":"Calendrier des salons &#8211; \u00c9v\u00e9nements"},"content":{"rendered":"\n<section class=\"wp-block-reimmann-title-top title-top-section\"><div class=\"container\"><div class=\"subtitle-badge\">Actualit\u00e9s<\/div><h2 class=\"main-title\"><span class=\"title-word-1\">Calendrier des salons <\/span><\/h2><p class=\"description-text\">Cette ann\u00e9e, nous avons pr\u00e9vu les salons suivants :<\/p><\/div><\/section>\n\n\n\n<h3 class=\"wp-block-heading has-text-align-center\">SIAMS, Moutier<\/h3>\n\n\n\n<p class=\"has-text-align-center\">Du 21 au 24 avril 2026<br>Le salon des moyens de production en microtechnique<\/p>\n\n\n\n<div style=\"height:20px\" aria-hidden=\"true\" class=\"wp-block-spacer\"><\/div>\n\n\n\n<h3 class=\"wp-block-heading has-text-align-center\">AMB, Stuttgart<\/h3>\n\n\n\n<p class=\"has-text-align-center\">Du 15 au 19 septembre 2026<br>Salon international de l&rsquo;usinage des m\u00e9taux<\/p>\n\n\n\n<div style=\"height:20px\" aria-hidden=\"true\" class=\"wp-block-spacer\"><\/div>\n\n\n\n<h3 class=\"wp-block-heading has-text-align-center\">TECH NET Tage 2026, M\u00f6nchaltorf<\/h3>\n\n\n\n<p class=\"has-text-align-center\">29\/30 octobre et 5\/6 novembre 2026<br>Workevent chez Reimmann AG \u00e0 M\u00f6nchaltorf<\/p>\n\n\n\n<div style=\"height:40px\" aria-hidden=\"true\" class=\"wp-block-spacer\"><\/div>\n","protected":false},"excerpt":{"rendered":"<p>Vous souhaitez conna\u00eetre les \u00e9v\u00e9nements qui auront lieu cette ann\u00e9e ?<\/p>\n","protected":false},"author":21,"featured_media":2616,"comment_status":"closed","ping_status":"open","sticky":false,"template":"","format":"standard","meta":{"_acf_changed":false,"_genesis_hide_title":false,"_genesis_hide_breadcrumbs":false,"_genesis_hide_singular_image":false,"_genesis_hide_footer_widgets":false,"_genesis_custom_body_class":"","_genesis_custom_post_class":"","_genesis_layout":"","footnotes":""},"categories":[43],"tags":[],"class_list":{"0":"post-1882","1":"post","2":"type-post","3":"status-publish","4":"format-standard","5":"has-post-thumbnail","7":"category-blog","8":"entry"},"acf":[],"_links":{"self":[{"href":"https:\/\/www.reimmann.ch\/fr\/wp-json\/wp\/v2\/posts\/1882","targetHints":{"allow":["GET"]}}],"collection":[{"href":"https:\/\/www.reimmann.ch\/fr\/wp-json\/wp\/v2\/posts"}],"about":[{"href":"https:\/\/www.reimmann.ch\/fr\/wp-json\/wp\/v2\/types\/post"}],"author":[{"embeddable":true,"href":"https:\/\/www.reimmann.ch\/fr\/wp-json\/wp\/v2\/users\/21"}],"replies":[{"embeddable":true,"href":"https:\/\/www.reimmann.ch\/fr\/wp-json\/wp\/v2\/comments?post=1882"}],"version-history":[{"count":8,"href":"https:\/\/www.reimmann.ch\/fr\/wp-json\/wp\/v2\/posts\/1882\/revisions"}],"predecessor-version":[{"id":4080,"href":"https:\/\/www.reimmann.ch\/fr\/wp-json\/wp\/v2\/posts\/1882\/revisions\/4080"}],"wp:featuredmedia":[{"embeddable":true,"href":"https:\/\/www.reimmann.ch\/fr\/wp-json\/wp\/v2\/media\/2616"}],"wp:attachment":[{"href":"https:\/\/www.reimmann.ch\/fr\/wp-json\/wp\/v2\/media?parent=1882"}],"wp:term":[{"taxonomy":"category","embeddable":true,"href":"https:\/\/www.reimmann.ch\/fr\/wp-json\/wp\/v2\/categories?post=1882"},{"taxonomy":"post_tag","embeddable":true,"href":"https:\/\/www.reimmann.ch\/fr\/wp-json\/wp\/v2\/tags?post=1882"}],"curies":[{"name":"wp","href":"https:\/\/api.w.org\/{rel}","templated":true}]}}